{"id":821,"date":"2025-07-19T07:02:05","date_gmt":"2025-07-19T07:02:05","guid":{"rendered":"https:\/\/kulturwerk-stadt.ch\/?p=821"},"modified":"2025-07-21T07:09:31","modified_gmt":"2025-07-21T07:09:31","slug":"ferienspass-in-der-kulturwerk-stadt","status":"publish","type":"post","link":"https:\/\/kulturwerk-stadt.ch\/index.php\/2025\/07\/19\/ferienspass-in-der-kulturwerk-stadt\/","title":{"rendered":"Ferienspass in der KulturWerk-Stadt"},"content":{"rendered":"<p>Die KulturWerk-Stadt \u00f6ffnete auch in diesem Jahr wieder ihre Tore f\u00fcr den Ferienspass. Ein halber Tag, gef\u00fcllt mit dem Duft von frischem Brot und dem Klang h\u00e4mmernder Tradition, erwartete die jungen Teilnehmenden. Unter der fachkundigen Leitung von Nicole Obrist und Fr\u00e4nzi Kalt verwandelten sich die Kinder in wahre Backk\u00fcnstler. Schritt f\u00fcr Schritt wurden sie vom Kneten des Zopfteigs \u00fcber das kunstvolle Flechten bis hin zum Modellieren von L\u00f6wen, Schlangen und anderen fantasievollen Tierfiguren gef\u00fchrt. Die Begeisterung war gross, als die ersten goldbraunen Z\u00f6pfe und Zopftierli aus dem Ofen gezogen wurden.<\/p>\n<p>W\u00e4hrend der Backzeit durften die Kinder dem Nagler Geri Schraner zuschauen. Er zeigte ihnen die alte Sulzer Tradition, kunstvolle Schuhn\u00e4gel herzustellen. Die Hitze des Feuers, der Geruch des Eisens und die Konzentration des Schmiedes zogen die Kinder in ihren Bann. Sie durften dann auch selber Hand anlegen und versuchen ein gl\u00fchendes Eisen zu einem Nagel zu schmieden.<\/p>\n<p>Schliesslich durften die Kinder noch Schlangenbrot backen und dieses mit einem Schoggist\u00e4ngeli f\u00fcllen. Stolz nahmen die Kinder ihren selbstgebackenen Zopf und ihr Zopftierli nach Hause.<\/p>\n<p><span style=\"font-size: 14pt;\"><em>Leider d\u00fcrfen wir aus Datenschutzgr\u00fcnden keine Fotos von den fr\u00f6hlichen Kindern mit ihren Backwerken ver\u00f6ffentlichen.<\/em><\/span><\/p>\n<p>&nbsp;<\/p>\n","protected":false},"excerpt":{"rendered":"<p>Die KulturWerk-Stadt \u00f6ffnete auch in diesem Jahr wieder ihre Tore f\u00fcr den Ferienspass. Ein halber Tag, gef\u00fcllt mit dem Duft von frischem Brot und dem Klang h\u00e4mmernder Tradition, erwartete die&#8230;<\/p>\n","protected":false},"author":4,"featured_media":823,"comment_status":"closed","ping_status":"closed","sticky":false,"template":"","format":"standard","meta":{"footnotes":""},"categories":[1],"tags":[],"class_list":["post-821","post","type-post","status-publish","format-standard","has-post-thumbnail","hentry","category-uncategorized"],"yoast_head":"<!-- This site is optimized with the Yoast SEO plugin v27.5 - https:\/\/yoast.com\/product\/yoast-seo-wordpress\/ -->\n<title>Ferienspass in der KulturWerk-Stadt - Kulturwerkstadt Sulz<\/title>\n<meta name=\"robots\" content=\"noindex, follow, max-snippet:-1, max-image-preview:large, max-video-preview:-1\" \/>\n<meta property=\"og:locale\" content=\"de_DE\" \/>\n<meta property=\"og:type\" content=\"article\" \/>\n<meta property=\"og:title\" content=\"Ferienspass in der KulturWerk-Stadt - Kulturwerkstadt Sulz\" \/>\n<meta property=\"og:description\" content=\"Die KulturWerk-Stadt \u00f6ffnete auch in diesem Jahr wieder ihre Tore f\u00fcr den Ferienspass. Ein halber Tag, gef\u00fcllt mit dem Duft von frischem Brot und dem Klang h\u00e4mmernder Tradition, erwartete die...\" \/>\n<meta property=\"og:url\" content=\"https:\/\/kulturwerk-stadt.ch\/index.php\/2025\/07\/19\/ferienspass-in-der-kulturwerk-stadt\/\" \/>\n<meta property=\"og:site_name\" content=\"Kulturwerkstadt Sulz\" \/>\n<meta property=\"article:published_time\" content=\"2025-07-19T07:02:05+00:00\" \/>\n<meta property=\"article:modified_time\" content=\"2025-07-21T07:09:31+00:00\" \/>\n<meta property=\"og:image\" content=\"https:\/\/kulturwerk-stadt.ch\/wp-content\/uploads\/2025\/07\/DSC_5807-scaled.jpg\" \/>\n\t<meta property=\"og:image:width\" content=\"2560\" \/>\n\t<meta property=\"og:image:height\" content=\"1707\" \/>\n\t<meta property=\"og:image:type\" content=\"image\/jpeg\" \/>\n<meta name=\"author\" content=\"Silvia Meier\" \/>\n<meta name=\"twitter:card\" content=\"summary_large_image\" \/>\n<meta name=\"twitter:label1\" content=\"Verfasst von\" \/>\n\t<meta name=\"twitter:data1\" content=\"Silvia Meier\" \/>\n\t<meta name=\"twitter:label2\" content=\"Gesch\u00e4tzte Lesezeit\" \/>\n\t<meta name=\"twitter:data2\" content=\"2\u00a0Minuten\" \/>\n<script type=\"application\/ld+json\" class=\"yoast-schema-graph\">{\"@context\":\"https:\\\/\\\/schema.org\",\"@graph\":[{\"@type\":\"Article\",\"@id\":\"https:\\\/\\\/kulturwerk-stadt.ch\\\/index.php\\\/2025\\\/07\\\/19\\\/ferienspass-in-der-kulturwerk-stadt\\\/#article\",\"isPartOf\":{\"@id\":\"https:\\\/\\\/kulturwerk-stadt.ch\\\/index.php\\\/2025\\\/07\\\/19\\\/ferienspass-in-der-kulturwerk-stadt\\\/\"},\"author\":{\"name\":\"Silvia Meier\",\"@id\":\"https:\\\/\\\/kulturwerk-stadt.ch\\\/#\\\/schema\\\/person\\\/87dc051bb12bff60e4f6063e6bb63fcb\"},\"headline\":\"Ferienspass in der KulturWerk-Stadt\",\"datePublished\":\"2025-07-19T07:02:05+00:00\",\"dateModified\":\"2025-07-21T07:09:31+00:00\",\"mainEntityOfPage\":{\"@id\":\"https:\\\/\\\/kulturwerk-stadt.ch\\\/index.php\\\/2025\\\/07\\\/19\\\/ferienspass-in-der-kulturwerk-stadt\\\/\"},\"wordCount\":210,\"image\":{\"@id\":\"https:\\\/\\\/kulturwerk-stadt.ch\\\/index.php\\\/2025\\\/07\\\/19\\\/ferienspass-in-der-kulturwerk-stadt\\\/#primaryimage\"},\"thumbnailUrl\":\"https:\\\/\\\/kulturwerk-stadt.ch\\\/wp-content\\\/uploads\\\/2025\\\/07\\\/DSC_5807-scaled.jpg\",\"articleSection\":[\"Uncategorized\"],\"inLanguage\":\"de\"},{\"@type\":\"WebPage\",\"@id\":\"https:\\\/\\\/kulturwerk-stadt.ch\\\/index.php\\\/2025\\\/07\\\/19\\\/ferienspass-in-der-kulturwerk-stadt\\\/\",\"url\":\"https:\\\/\\\/kulturwerk-stadt.ch\\\/index.php\\\/2025\\\/07\\\/19\\\/ferienspass-in-der-kulturwerk-stadt\\\/\",\"name\":\"Ferienspass in der KulturWerk-Stadt - Kulturwerkstadt Sulz\",\"isPartOf\":{\"@id\":\"https:\\\/\\\/kulturwerk-stadt.ch\\\/#website\"},\"primaryImageOfPage\":{\"@id\":\"https:\\\/\\\/kulturwerk-stadt.ch\\\/index.php\\\/2025\\\/07\\\/19\\\/ferienspass-in-der-kulturwerk-stadt\\\/#primaryimage\"},\"image\":{\"@id\":\"https:\\\/\\\/kulturwerk-stadt.ch\\\/index.php\\\/2025\\\/07\\\/19\\\/ferienspass-in-der-kulturwerk-stadt\\\/#primaryimage\"},\"thumbnailUrl\":\"https:\\\/\\\/kulturwerk-stadt.ch\\\/wp-content\\\/uploads\\\/2025\\\/07\\\/DSC_5807-scaled.jpg\",\"datePublished\":\"2025-07-19T07:02:05+00:00\",\"dateModified\":\"2025-07-21T07:09:31+00:00\",\"author\":{\"@id\":\"https:\\\/\\\/kulturwerk-stadt.ch\\\/#\\\/schema\\\/person\\\/87dc051bb12bff60e4f6063e6bb63fcb\"},\"breadcrumb\":{\"@id\":\"https:\\\/\\\/kulturwerk-stadt.ch\\\/index.php\\\/2025\\\/07\\\/19\\\/ferienspass-in-der-kulturwerk-stadt\\\/#breadcrumb\"},\"inLanguage\":\"de\",\"potentialAction\":[{\"@type\":\"ReadAction\",\"target\":[\"https:\\\/\\\/kulturwerk-stadt.ch\\\/index.php\\\/2025\\\/07\\\/19\\\/ferienspass-in-der-kulturwerk-stadt\\\/\"]}]},{\"@type\":\"ImageObject\",\"inLanguage\":\"de\",\"@id\":\"https:\\\/\\\/kulturwerk-stadt.ch\\\/index.php\\\/2025\\\/07\\\/19\\\/ferienspass-in-der-kulturwerk-stadt\\\/#primaryimage\",\"url\":\"https:\\\/\\\/kulturwerk-stadt.ch\\\/wp-content\\\/uploads\\\/2025\\\/07\\\/DSC_5807-scaled.jpg\",\"contentUrl\":\"https:\\\/\\\/kulturwerk-stadt.ch\\\/wp-content\\\/uploads\\\/2025\\\/07\\\/DSC_5807-scaled.jpg\",\"width\":2560,\"height\":1707},{\"@type\":\"BreadcrumbList\",\"@id\":\"https:\\\/\\\/kulturwerk-stadt.ch\\\/index.php\\\/2025\\\/07\\\/19\\\/ferienspass-in-der-kulturwerk-stadt\\\/#breadcrumb\",\"itemListElement\":[{\"@type\":\"ListItem\",\"position\":1,\"name\":\"Startseite\",\"item\":\"https:\\\/\\\/kulturwerk-stadt.ch\\\/\"},{\"@type\":\"ListItem\",\"position\":2,\"name\":\"Ferienspass in der KulturWerk-Stadt\"}]},{\"@type\":\"WebSite\",\"@id\":\"https:\\\/\\\/kulturwerk-stadt.ch\\\/#website\",\"url\":\"https:\\\/\\\/kulturwerk-stadt.ch\\\/\",\"name\":\"Kulturwerkstadt Sulz\",\"description\":\"\",\"potentialAction\":[{\"@type\":\"SearchAction\",\"target\":{\"@type\":\"EntryPoint\",\"urlTemplate\":\"https:\\\/\\\/kulturwerk-stadt.ch\\\/?s={search_term_string}\"},\"query-input\":{\"@type\":\"PropertyValueSpecification\",\"valueRequired\":true,\"valueName\":\"search_term_string\"}}],\"inLanguage\":\"de\"},{\"@type\":\"Person\",\"@id\":\"https:\\\/\\\/kulturwerk-stadt.ch\\\/#\\\/schema\\\/person\\\/87dc051bb12bff60e4f6063e6bb63fcb\",\"name\":\"Silvia Meier\",\"url\":\"https:\\\/\\\/kulturwerk-stadt.ch\\\/index.php\\\/author\\\/silvia-meier\\\/\"}]}<\/script>\n<!-- \/ Yoast SEO plugin. -->","yoast_head_json":{"title":"Ferienspass in der KulturWerk-Stadt - Kulturwerkstadt Sulz","robots":{"index":"noindex","follow":"follow","max-snippet":"max-snippet:-1","max-image-preview":"max-image-preview:large","max-video-preview":"max-video-preview:-1"},"og_locale":"de_DE","og_type":"article","og_title":"Ferienspass in der KulturWerk-Stadt - Kulturwerkstadt Sulz","og_description":"Die KulturWerk-Stadt \u00f6ffnete auch in diesem Jahr wieder ihre Tore f\u00fcr den Ferienspass. Ein halber Tag, gef\u00fcllt mit dem Duft von frischem Brot und dem Klang h\u00e4mmernder Tradition, erwartete die...","og_url":"https:\/\/kulturwerk-stadt.ch\/index.php\/2025\/07\/19\/ferienspass-in-der-kulturwerk-stadt\/","og_site_name":"Kulturwerkstadt Sulz","article_published_time":"2025-07-19T07:02:05+00:00","article_modified_time":"2025-07-21T07:09:31+00:00","og_image":[{"width":2560,"height":1707,"url":"https:\/\/kulturwerk-stadt.ch\/wp-content\/uploads\/2025\/07\/DSC_5807-scaled.jpg","type":"image\/jpeg"}],"author":"Silvia Meier","twitter_card":"summary_large_image","twitter_misc":{"Verfasst von":"Silvia Meier","Gesch\u00e4tzte Lesezeit":"2\u00a0Minuten"},"schema":{"@context":"https:\/\/schema.org","@graph":[{"@type":"Article","@id":"https:\/\/kulturwerk-stadt.ch\/index.php\/2025\/07\/19\/ferienspass-in-der-kulturwerk-stadt\/#article","isPartOf":{"@id":"https:\/\/kulturwerk-stadt.ch\/index.php\/2025\/07\/19\/ferienspass-in-der-kulturwerk-stadt\/"},"author":{"name":"Silvia Meier","@id":"https:\/\/kulturwerk-stadt.ch\/#\/schema\/person\/87dc051bb12bff60e4f6063e6bb63fcb"},"headline":"Ferienspass in der KulturWerk-Stadt","datePublished":"2025-07-19T07:02:05+00:00","dateModified":"2025-07-21T07:09:31+00:00","mainEntityOfPage":{"@id":"https:\/\/kulturwerk-stadt.ch\/index.php\/2025\/07\/19\/ferienspass-in-der-kulturwerk-stadt\/"},"wordCount":210,"image":{"@id":"https:\/\/kulturwerk-stadt.ch\/index.php\/2025\/07\/19\/ferienspass-in-der-kulturwerk-stadt\/#primaryimage"},"thumbnailUrl":"https:\/\/kulturwerk-stadt.ch\/wp-content\/uploads\/2025\/07\/DSC_5807-scaled.jpg","articleSection":["Uncategorized"],"inLanguage":"de"},{"@type":"WebPage","@id":"https:\/\/kulturwerk-stadt.ch\/index.php\/2025\/07\/19\/ferienspass-in-der-kulturwerk-stadt\/","url":"https:\/\/kulturwerk-stadt.ch\/index.php\/2025\/07\/19\/ferienspass-in-der-kulturwerk-stadt\/","name":"Ferienspass in der KulturWerk-Stadt - Kulturwerkstadt Sulz","isPartOf":{"@id":"https:\/\/kulturwerk-stadt.ch\/#website"},"primaryImageOfPage":{"@id":"https:\/\/kulturwerk-stadt.ch\/index.php\/2025\/07\/19\/ferienspass-in-der-kulturwerk-stadt\/#primaryimage"},"image":{"@id":"https:\/\/kulturwerk-stadt.ch\/index.php\/2025\/07\/19\/ferienspass-in-der-kulturwerk-stadt\/#primaryimage"},"thumbnailUrl":"https:\/\/kulturwerk-stadt.ch\/wp-content\/uploads\/2025\/07\/DSC_5807-scaled.jpg","datePublished":"2025-07-19T07:02:05+00:00","dateModified":"2025-07-21T07:09:31+00:00","author":{"@id":"https:\/\/kulturwerk-stadt.ch\/#\/schema\/person\/87dc051bb12bff60e4f6063e6bb63fcb"},"breadcrumb":{"@id":"https:\/\/kulturwerk-stadt.ch\/index.php\/2025\/07\/19\/ferienspass-in-der-kulturwerk-stadt\/#breadcrumb"},"inLanguage":"de","potentialAction":[{"@type":"ReadAction","target":["https:\/\/kulturwerk-stadt.ch\/index.php\/2025\/07\/19\/ferienspass-in-der-kulturwerk-stadt\/"]}]},{"@type":"ImageObject","inLanguage":"de","@id":"https:\/\/kulturwerk-stadt.ch\/index.php\/2025\/07\/19\/ferienspass-in-der-kulturwerk-stadt\/#primaryimage","url":"https:\/\/kulturwerk-stadt.ch\/wp-content\/uploads\/2025\/07\/DSC_5807-scaled.jpg","contentUrl":"https:\/\/kulturwerk-stadt.ch\/wp-content\/uploads\/2025\/07\/DSC_5807-scaled.jpg","width":2560,"height":1707},{"@type":"BreadcrumbList","@id":"https:\/\/kulturwerk-stadt.ch\/index.php\/2025\/07\/19\/ferienspass-in-der-kulturwerk-stadt\/#breadcrumb","itemListElement":[{"@type":"ListItem","position":1,"name":"Startseite","item":"https:\/\/kulturwerk-stadt.ch\/"},{"@type":"ListItem","position":2,"name":"Ferienspass in der KulturWerk-Stadt"}]},{"@type":"WebSite","@id":"https:\/\/kulturwerk-stadt.ch\/#website","url":"https:\/\/kulturwerk-stadt.ch\/","name":"Kulturwerkstadt Sulz","description":"","potentialAction":[{"@type":"SearchAction","target":{"@type":"EntryPoint","urlTemplate":"https:\/\/kulturwerk-stadt.ch\/?s={search_term_string}"},"query-input":{"@type":"PropertyValueSpecification","valueRequired":true,"valueName":"search_term_string"}}],"inLanguage":"de"},{"@type":"Person","@id":"https:\/\/kulturwerk-stadt.ch\/#\/schema\/person\/87dc051bb12bff60e4f6063e6bb63fcb","name":"Silvia Meier","url":"https:\/\/kulturwerk-stadt.ch\/index.php\/author\/silvia-meier\/"}]}},"_links":{"self":[{"href":"https:\/\/kulturwerk-stadt.ch\/index.php\/wp-json\/wp\/v2\/posts\/821","targetHints":{"allow":["GET"]}}],"collection":[{"href":"https:\/\/kulturwerk-stadt.ch\/index.php\/wp-json\/wp\/v2\/posts"}],"about":[{"href":"https:\/\/kulturwerk-stadt.ch\/index.php\/wp-json\/wp\/v2\/types\/post"}],"author":[{"embeddable":true,"href":"https:\/\/kulturwerk-stadt.ch\/index.php\/wp-json\/wp\/v2\/users\/4"}],"replies":[{"embeddable":true,"href":"https:\/\/kulturwerk-stadt.ch\/index.php\/wp-json\/wp\/v2\/comments?post=821"}],"version-history":[{"count":4,"href":"https:\/\/kulturwerk-stadt.ch\/index.php\/wp-json\/wp\/v2\/posts\/821\/revisions"}],"predecessor-version":[{"id":826,"href":"https:\/\/kulturwerk-stadt.ch\/index.php\/wp-json\/wp\/v2\/posts\/821\/revisions\/826"}],"wp:featuredmedia":[{"embeddable":true,"href":"https:\/\/kulturwerk-stadt.ch\/index.php\/wp-json\/wp\/v2\/media\/823"}],"wp:attachment":[{"href":"https:\/\/kulturwerk-stadt.ch\/index.php\/wp-json\/wp\/v2\/media?parent=821"}],"wp:term":[{"taxonomy":"category","embeddable":true,"href":"https:\/\/kulturwerk-stadt.ch\/index.php\/wp-json\/wp\/v2\/categories?post=821"},{"taxonomy":"post_tag","embeddable":true,"href":"https:\/\/kulturwerk-stadt.ch\/index.php\/wp-json\/wp\/v2\/tags?post=821"}],"curies":[{"name":"wp","href":"https:\/\/api.w.org\/{rel}","templated":true}]}}