{"id":812,"date":"2025-07-19T06:24:44","date_gmt":"2025-07-19T06:24:44","guid":{"rendered":"https:\/\/kulturwerk-stadt.ch\/?p=812"},"modified":"2025-07-19T06:24:44","modified_gmt":"2025-07-19T06:24:44","slug":"ein-innerschweizer-in-der-nagelschmiede","status":"publish","type":"post","link":"https:\/\/kulturwerk-stadt.ch\/index.php\/2025\/07\/19\/ein-innerschweizer-in-der-nagelschmiede\/","title":{"rendered":"Ein Innerschweizer in der Nagelschmiede"},"content":{"rendered":"<section class=\"l-section wpb_row height_medium\"><div class=\"l-section-h i-cf\"><div class=\"g-cols vc_row via_grid cols_1 laptops-cols_inherit tablets-cols_inherit mobiles-cols_1 valign_top type_default stacking_default\"><div class=\"wpb_column vc_column_container\"><div class=\"vc_column-inner\"><div class=\"wpb_text_column\"><div class=\"wpb_wrapper\"><p>Lenn, 18 Jahre jung, ist begeistert von der r\u00f6mischen Kultur. Die Nachstellung des r\u00f6mischen Feldzuges \u00fcber den Septimerpass hat er mit grossem Interesse verfolgt. Dabei ist er auf die Herstellung der Schuhe und N\u00e4gel aufmerksam geworden. Dies hat in ihm das Interesse geweckt, seine Maturarbeit \u00fcber die Caligae (r\u00f6mische Schuhe) filmisch darzustellen. Bei Prof. Peter Andrew Schwarz von der Uni Basel nachgefragt, wo solche N\u00e4gel hergestellt werden k\u00f6nnen, erhielt er die Adresse der KulturWerk-Stadt Sulz.\u00a0 Spontan stellten sich unsere Nagler kurzfristig f\u00fcr diesen Einsatz zur Verf\u00fcgung.\u00a0 Daf\u00fcr bedankt sich Lenn herzlich bei ihnen.<\/p>\n<\/div><\/div><\/div><\/div><\/div><\/div><\/section><section class=\"l-section wpb_row height_medium\"><div class=\"l-section-h i-cf\"><div class=\"g-cols vc_row via_grid cols_1 laptops-cols_inherit tablets-cols_inherit mobiles-cols_1 valign_top type_default stacking_default\"><div class=\"wpb_column vc_column_container\"><div class=\"vc_column-inner\"><div class=\"w-slider style_none fit_scaledown nav_none count_5\"><div class=\"w-slider-h\" aria-hidden=\"true\"><div class=\"royalSlider\"><div class=\"rsContent\"><a class=\"rsImg\" data-rsw=\"1024\" data-rsh=\"768\" href=\"https:\/\/kulturwerk-stadt.ch\/wp-content\/uploads\/2025\/07\/Bild-2-224-1024x768.jpg\"><span data-alt=\"\"><\/span><\/a><div class=\"rsABlock\" data-fadeEffect=\"false\" data-moveEffect=\"none\"><div class=\"w-slider-item-title\">Hanspeter, Heinz, Bruno und Geri bei den Vorbereitungen<\/div><\/div><\/div><div class=\"rsContent\"><a class=\"rsImg\" data-rsw=\"1024\" data-rsh=\"768\" href=\"https:\/\/kulturwerk-stadt.ch\/wp-content\/uploads\/2025\/07\/Bild-3-055-1024x768.jpg\"><span data-alt=\"\"><\/span><\/a><div class=\"rsABlock\" data-fadeEffect=\"false\" data-moveEffect=\"none\"><div class=\"w-slider-item-title\">Nagler beim Vorbereiten von Matrize und Stempel<\/div><\/div><\/div><div class=\"rsContent\"><a class=\"rsImg\" data-rsw=\"1024\" data-rsh=\"768\" href=\"https:\/\/kulturwerk-stadt.ch\/wp-content\/uploads\/2025\/07\/Bild-4-313-1024x768.jpg\"><span data-alt=\"\"><\/span><\/a><div class=\"rsABlock\" data-fadeEffect=\"false\" data-moveEffect=\"none\"><div class=\"w-slider-item-title\">Lenn filmt Hanspeter beim Schneiden des Spitzes<\/div><\/div><\/div><div class=\"rsContent\"><a class=\"rsImg\" data-rsw=\"1024\" data-rsh=\"768\" href=\"https:\/\/kulturwerk-stadt.ch\/wp-content\/uploads\/2025\/07\/Bild-5-511-1024x768.jpg\"><span data-alt=\"\"><\/span><\/a><div class=\"rsABlock\" data-fadeEffect=\"false\" data-moveEffect=\"none\"><div class=\"w-slider-item-title\">Motivierter Lenn beim Filmen<\/div><\/div><\/div><div class=\"rsContent\"><a class=\"rsImg\" data-rsw=\"1024\" data-rsh=\"768\" href=\"https:\/\/kulturwerk-stadt.ch\/wp-content\/uploads\/2025\/07\/Bild-6-130-1024x768.jpg\"><span data-alt=\"\"><\/span><\/a><div class=\"rsABlock\" data-fadeEffect=\"false\" data-moveEffect=\"none\"><div class=\"w-slider-item-title\">Bruno stellt sich den Fragen von Lenn<\/div><\/div><\/div><\/div><img decoding=\"async\" src=\"https:\/\/kulturwerk-stadt.ch\/wp-content\/uploads\/2025\/07\/Bild-2-224-1024x768.jpg\" width=\"1024\" height=\"768\" alt loading=\"lazy\"><\/div><div class=\"w-slider-json\" onclick='return {&quot;autoScaleSlider&quot;:true,&quot;addActiveClass&quot;:true,&quot;loop&quot;:true,&quot;fadeInLoadedSlide&quot;:false,&quot;slidesSpacing&quot;:0,&quot;imageScalePadding&quot;:0,&quot;numImagesToPreload&quot;:2,&quot;arrowsNav&quot;:true,&quot;arrowsNavAutoHide&quot;:false,&quot;transitionType&quot;:&quot;move&quot;,&quot;transitionSpeed&quot;:250,&quot;block&quot;:{&quot;moveEffect&quot;:&quot;none&quot;,&quot;speed&quot;:300},&quot;thumbs&quot;:{&quot;fitInViewport&quot;:false,&quot;firstMargin&quot;:false,&quot;spacing&quot;:4},&quot;controlNavigation&quot;:&quot;none&quot;,&quot;autoScaleSliderWidth&quot;:1024,&quot;autoScaleSliderHeight&quot;:768}'><\/div><\/div><\/div><\/div><\/div><\/div><\/section>\n","protected":false},"excerpt":{"rendered":"Lenn, 18 Jahre jung, ist begeistert von der r\u00f6mischen Kultur. Die Nachstellung des r\u00f6mischen Feldzuges \u00fcber den Septimerpass hat er mit grossem Interesse verfolgt. Dabei ist er auf die Herstellung...","protected":false},"author":4,"featured_media":814,"comment_status":"closed","ping_status":"closed","sticky":false,"template":"","format":"standard","meta":{"footnotes":""},"categories":[1],"tags":[],"class_list":["post-812","post","type-post","status-publish","format-standard","has-post-thumbnail","hentry","category-uncategorized"],"yoast_head":"<!-- This site is optimized with the Yoast SEO plugin v27.5 - https:\/\/yoast.com\/product\/yoast-seo-wordpress\/ -->\n<title>Ein Innerschweizer in der Nagelschmiede - Kulturwerkstadt Sulz<\/title>\n<meta name=\"robots\" content=\"noindex, follow, max-snippet:-1, max-image-preview:large, max-video-preview:-1\" \/>\n<meta property=\"og:locale\" content=\"de_DE\" \/>\n<meta property=\"og:type\" content=\"article\" \/>\n<meta property=\"og:title\" content=\"Ein Innerschweizer in der Nagelschmiede - Kulturwerkstadt Sulz\" \/>\n<meta property=\"og:url\" content=\"https:\/\/kulturwerk-stadt.ch\/index.php\/2025\/07\/19\/ein-innerschweizer-in-der-nagelschmiede\/\" \/>\n<meta property=\"og:site_name\" content=\"Kulturwerkstadt Sulz\" \/>\n<meta property=\"article:published_time\" content=\"2025-07-19T06:24:44+00:00\" \/>\n<meta property=\"og:image\" content=\"https:\/\/kulturwerk-stadt.ch\/wp-content\/uploads\/2025\/07\/Bild-1-511-scaled.jpg\" \/>\n\t<meta property=\"og:image:width\" content=\"2560\" \/>\n\t<meta property=\"og:image:height\" content=\"1920\" \/>\n\t<meta property=\"og:image:type\" content=\"image\/jpeg\" \/>\n<meta name=\"author\" content=\"Silvia Meier\" \/>\n<meta name=\"twitter:card\" content=\"summary_large_image\" \/>\n<meta name=\"twitter:label1\" content=\"Verfasst von\" \/>\n\t<meta name=\"twitter:data1\" content=\"Silvia Meier\" \/>\n\t<meta name=\"twitter:label2\" content=\"Gesch\u00e4tzte Lesezeit\" \/>\n\t<meta name=\"twitter:data2\" content=\"1\u00a0Minute\" \/>\n<script type=\"application\/ld+json\" class=\"yoast-schema-graph\">{\"@context\":\"https:\\\/\\\/schema.org\",\"@graph\":[{\"@type\":\"Article\",\"@id\":\"https:\\\/\\\/kulturwerk-stadt.ch\\\/index.php\\\/2025\\\/07\\\/19\\\/ein-innerschweizer-in-der-nagelschmiede\\\/#article\",\"isPartOf\":{\"@id\":\"https:\\\/\\\/kulturwerk-stadt.ch\\\/index.php\\\/2025\\\/07\\\/19\\\/ein-innerschweizer-in-der-nagelschmiede\\\/\"},\"author\":{\"name\":\"Silvia Meier\",\"@id\":\"https:\\\/\\\/kulturwerk-stadt.ch\\\/#\\\/schema\\\/person\\\/87dc051bb12bff60e4f6063e6bb63fcb\"},\"headline\":\"Ein Innerschweizer in der Nagelschmiede\",\"datePublished\":\"2025-07-19T06:24:44+00:00\",\"mainEntityOfPage\":{\"@id\":\"https:\\\/\\\/kulturwerk-stadt.ch\\\/index.php\\\/2025\\\/07\\\/19\\\/ein-innerschweizer-in-der-nagelschmiede\\\/\"},\"wordCount\":134,\"image\":{\"@id\":\"https:\\\/\\\/kulturwerk-stadt.ch\\\/index.php\\\/2025\\\/07\\\/19\\\/ein-innerschweizer-in-der-nagelschmiede\\\/#primaryimage\"},\"thumbnailUrl\":\"https:\\\/\\\/kulturwerk-stadt.ch\\\/wp-content\\\/uploads\\\/2025\\\/07\\\/Bild-1-511-scaled.jpg\",\"articleSection\":[\"Uncategorized\"],\"inLanguage\":\"de\"},{\"@type\":\"WebPage\",\"@id\":\"https:\\\/\\\/kulturwerk-stadt.ch\\\/index.php\\\/2025\\\/07\\\/19\\\/ein-innerschweizer-in-der-nagelschmiede\\\/\",\"url\":\"https:\\\/\\\/kulturwerk-stadt.ch\\\/index.php\\\/2025\\\/07\\\/19\\\/ein-innerschweizer-in-der-nagelschmiede\\\/\",\"name\":\"Ein Innerschweizer in der Nagelschmiede - Kulturwerkstadt Sulz\",\"isPartOf\":{\"@id\":\"https:\\\/\\\/kulturwerk-stadt.ch\\\/#website\"},\"primaryImageOfPage\":{\"@id\":\"https:\\\/\\\/kulturwerk-stadt.ch\\\/index.php\\\/2025\\\/07\\\/19\\\/ein-innerschweizer-in-der-nagelschmiede\\\/#primaryimage\"},\"image\":{\"@id\":\"https:\\\/\\\/kulturwerk-stadt.ch\\\/index.php\\\/2025\\\/07\\\/19\\\/ein-innerschweizer-in-der-nagelschmiede\\\/#primaryimage\"},\"thumbnailUrl\":\"https:\\\/\\\/kulturwerk-stadt.ch\\\/wp-content\\\/uploads\\\/2025\\\/07\\\/Bild-1-511-scaled.jpg\",\"datePublished\":\"2025-07-19T06:24:44+00:00\",\"author\":{\"@id\":\"https:\\\/\\\/kulturwerk-stadt.ch\\\/#\\\/schema\\\/person\\\/87dc051bb12bff60e4f6063e6bb63fcb\"},\"breadcrumb\":{\"@id\":\"https:\\\/\\\/kulturwerk-stadt.ch\\\/index.php\\\/2025\\\/07\\\/19\\\/ein-innerschweizer-in-der-nagelschmiede\\\/#breadcrumb\"},\"inLanguage\":\"de\",\"potentialAction\":[{\"@type\":\"ReadAction\",\"target\":[\"https:\\\/\\\/kulturwerk-stadt.ch\\\/index.php\\\/2025\\\/07\\\/19\\\/ein-innerschweizer-in-der-nagelschmiede\\\/\"]}]},{\"@type\":\"ImageObject\",\"inLanguage\":\"de\",\"@id\":\"https:\\\/\\\/kulturwerk-stadt.ch\\\/index.php\\\/2025\\\/07\\\/19\\\/ein-innerschweizer-in-der-nagelschmiede\\\/#primaryimage\",\"url\":\"https:\\\/\\\/kulturwerk-stadt.ch\\\/wp-content\\\/uploads\\\/2025\\\/07\\\/Bild-1-511-scaled.jpg\",\"contentUrl\":\"https:\\\/\\\/kulturwerk-stadt.ch\\\/wp-content\\\/uploads\\\/2025\\\/07\\\/Bild-1-511-scaled.jpg\",\"width\":2560,\"height\":1920},{\"@type\":\"BreadcrumbList\",\"@id\":\"https:\\\/\\\/kulturwerk-stadt.ch\\\/index.php\\\/2025\\\/07\\\/19\\\/ein-innerschweizer-in-der-nagelschmiede\\\/#breadcrumb\",\"itemListElement\":[{\"@type\":\"ListItem\",\"position\":1,\"name\":\"Startseite\",\"item\":\"https:\\\/\\\/kulturwerk-stadt.ch\\\/\"},{\"@type\":\"ListItem\",\"position\":2,\"name\":\"Ein Innerschweizer in der Nagelschmiede\"}]},{\"@type\":\"WebSite\",\"@id\":\"https:\\\/\\\/kulturwerk-stadt.ch\\\/#website\",\"url\":\"https:\\\/\\\/kulturwerk-stadt.ch\\\/\",\"name\":\"Kulturwerkstadt Sulz\",\"description\":\"\",\"potentialAction\":[{\"@type\":\"SearchAction\",\"target\":{\"@type\":\"EntryPoint\",\"urlTemplate\":\"https:\\\/\\\/kulturwerk-stadt.ch\\\/?s={search_term_string}\"},\"query-input\":{\"@type\":\"PropertyValueSpecification\",\"valueRequired\":true,\"valueName\":\"search_term_string\"}}],\"inLanguage\":\"de\"},{\"@type\":\"Person\",\"@id\":\"https:\\\/\\\/kulturwerk-stadt.ch\\\/#\\\/schema\\\/person\\\/87dc051bb12bff60e4f6063e6bb63fcb\",\"name\":\"Silvia Meier\",\"url\":\"https:\\\/\\\/kulturwerk-stadt.ch\\\/index.php\\\/author\\\/silvia-meier\\\/\"}]}<\/script>\n<!-- \/ Yoast SEO plugin. -->","yoast_head_json":{"title":"Ein Innerschweizer in der Nagelschmiede - Kulturwerkstadt Sulz","robots":{"index":"noindex","follow":"follow","max-snippet":"max-snippet:-1","max-image-preview":"max-image-preview:large","max-video-preview":"max-video-preview:-1"},"og_locale":"de_DE","og_type":"article","og_title":"Ein Innerschweizer in der Nagelschmiede - Kulturwerkstadt Sulz","og_url":"https:\/\/kulturwerk-stadt.ch\/index.php\/2025\/07\/19\/ein-innerschweizer-in-der-nagelschmiede\/","og_site_name":"Kulturwerkstadt Sulz","article_published_time":"2025-07-19T06:24:44+00:00","og_image":[{"width":2560,"height":1920,"url":"https:\/\/kulturwerk-stadt.ch\/wp-content\/uploads\/2025\/07\/Bild-1-511-scaled.jpg","type":"image\/jpeg"}],"author":"Silvia Meier","twitter_card":"summary_large_image","twitter_misc":{"Verfasst von":"Silvia Meier","Gesch\u00e4tzte Lesezeit":"1\u00a0Minute"},"schema":{"@context":"https:\/\/schema.org","@graph":[{"@type":"Article","@id":"https:\/\/kulturwerk-stadt.ch\/index.php\/2025\/07\/19\/ein-innerschweizer-in-der-nagelschmiede\/#article","isPartOf":{"@id":"https:\/\/kulturwerk-stadt.ch\/index.php\/2025\/07\/19\/ein-innerschweizer-in-der-nagelschmiede\/"},"author":{"name":"Silvia Meier","@id":"https:\/\/kulturwerk-stadt.ch\/#\/schema\/person\/87dc051bb12bff60e4f6063e6bb63fcb"},"headline":"Ein Innerschweizer in der Nagelschmiede","datePublished":"2025-07-19T06:24:44+00:00","mainEntityOfPage":{"@id":"https:\/\/kulturwerk-stadt.ch\/index.php\/2025\/07\/19\/ein-innerschweizer-in-der-nagelschmiede\/"},"wordCount":134,"image":{"@id":"https:\/\/kulturwerk-stadt.ch\/index.php\/2025\/07\/19\/ein-innerschweizer-in-der-nagelschmiede\/#primaryimage"},"thumbnailUrl":"https:\/\/kulturwerk-stadt.ch\/wp-content\/uploads\/2025\/07\/Bild-1-511-scaled.jpg","articleSection":["Uncategorized"],"inLanguage":"de"},{"@type":"WebPage","@id":"https:\/\/kulturwerk-stadt.ch\/index.php\/2025\/07\/19\/ein-innerschweizer-in-der-nagelschmiede\/","url":"https:\/\/kulturwerk-stadt.ch\/index.php\/2025\/07\/19\/ein-innerschweizer-in-der-nagelschmiede\/","name":"Ein Innerschweizer in der Nagelschmiede - Kulturwerkstadt Sulz","isPartOf":{"@id":"https:\/\/kulturwerk-stadt.ch\/#website"},"primaryImageOfPage":{"@id":"https:\/\/kulturwerk-stadt.ch\/index.php\/2025\/07\/19\/ein-innerschweizer-in-der-nagelschmiede\/#primaryimage"},"image":{"@id":"https:\/\/kulturwerk-stadt.ch\/index.php\/2025\/07\/19\/ein-innerschweizer-in-der-nagelschmiede\/#primaryimage"},"thumbnailUrl":"https:\/\/kulturwerk-stadt.ch\/wp-content\/uploads\/2025\/07\/Bild-1-511-scaled.jpg","datePublished":"2025-07-19T06:24:44+00:00","author":{"@id":"https:\/\/kulturwerk-stadt.ch\/#\/schema\/person\/87dc051bb12bff60e4f6063e6bb63fcb"},"breadcrumb":{"@id":"https:\/\/kulturwerk-stadt.ch\/index.php\/2025\/07\/19\/ein-innerschweizer-in-der-nagelschmiede\/#breadcrumb"},"inLanguage":"de","potentialAction":[{"@type":"ReadAction","target":["https:\/\/kulturwerk-stadt.ch\/index.php\/2025\/07\/19\/ein-innerschweizer-in-der-nagelschmiede\/"]}]},{"@type":"ImageObject","inLanguage":"de","@id":"https:\/\/kulturwerk-stadt.ch\/index.php\/2025\/07\/19\/ein-innerschweizer-in-der-nagelschmiede\/#primaryimage","url":"https:\/\/kulturwerk-stadt.ch\/wp-content\/uploads\/2025\/07\/Bild-1-511-scaled.jpg","contentUrl":"https:\/\/kulturwerk-stadt.ch\/wp-content\/uploads\/2025\/07\/Bild-1-511-scaled.jpg","width":2560,"height":1920},{"@type":"BreadcrumbList","@id":"https:\/\/kulturwerk-stadt.ch\/index.php\/2025\/07\/19\/ein-innerschweizer-in-der-nagelschmiede\/#breadcrumb","itemListElement":[{"@type":"ListItem","position":1,"name":"Startseite","item":"https:\/\/kulturwerk-stadt.ch\/"},{"@type":"ListItem","position":2,"name":"Ein Innerschweizer in der Nagelschmiede"}]},{"@type":"WebSite","@id":"https:\/\/kulturwerk-stadt.ch\/#website","url":"https:\/\/kulturwerk-stadt.ch\/","name":"Kulturwerkstadt Sulz","description":"","potentialAction":[{"@type":"SearchAction","target":{"@type":"EntryPoint","urlTemplate":"https:\/\/kulturwerk-stadt.ch\/?s={search_term_string}"},"query-input":{"@type":"PropertyValueSpecification","valueRequired":true,"valueName":"search_term_string"}}],"inLanguage":"de"},{"@type":"Person","@id":"https:\/\/kulturwerk-stadt.ch\/#\/schema\/person\/87dc051bb12bff60e4f6063e6bb63fcb","name":"Silvia Meier","url":"https:\/\/kulturwerk-stadt.ch\/index.php\/author\/silvia-meier\/"}]}},"_links":{"self":[{"href":"https:\/\/kulturwerk-stadt.ch\/index.php\/wp-json\/wp\/v2\/posts\/812","targetHints":{"allow":["GET"]}}],"collection":[{"href":"https:\/\/kulturwerk-stadt.ch\/index.php\/wp-json\/wp\/v2\/posts"}],"about":[{"href":"https:\/\/kulturwerk-stadt.ch\/index.php\/wp-json\/wp\/v2\/types\/post"}],"author":[{"embeddable":true,"href":"https:\/\/kulturwerk-stadt.ch\/index.php\/wp-json\/wp\/v2\/users\/4"}],"replies":[{"embeddable":true,"href":"https:\/\/kulturwerk-stadt.ch\/index.php\/wp-json\/wp\/v2\/comments?post=812"}],"version-history":[{"count":2,"href":"https:\/\/kulturwerk-stadt.ch\/index.php\/wp-json\/wp\/v2\/posts\/812\/revisions"}],"predecessor-version":[{"id":820,"href":"https:\/\/kulturwerk-stadt.ch\/index.php\/wp-json\/wp\/v2\/posts\/812\/revisions\/820"}],"wp:featuredmedia":[{"embeddable":true,"href":"https:\/\/kulturwerk-stadt.ch\/index.php\/wp-json\/wp\/v2\/media\/814"}],"wp:attachment":[{"href":"https:\/\/kulturwerk-stadt.ch\/index.php\/wp-json\/wp\/v2\/media?parent=812"}],"wp:term":[{"taxonomy":"category","embeddable":true,"href":"https:\/\/kulturwerk-stadt.ch\/index.php\/wp-json\/wp\/v2\/categories?post=812"},{"taxonomy":"post_tag","embeddable":true,"href":"https:\/\/kulturwerk-stadt.ch\/index.php\/wp-json\/wp\/v2\/tags?post=812"}],"curies":[{"name":"wp","href":"https:\/\/api.w.org\/{rel}","templated":true}]}}