{"id":793,"date":"2025-06-29T11:32:12","date_gmt":"2025-06-29T11:32:12","guid":{"rendered":"https:\/\/kulturwerk-stadt.ch\/?p=793"},"modified":"2025-06-29T11:32:12","modified_gmt":"2025-06-29T11:32:12","slug":"28-juni-zum-40-hochzeitstag","status":"publish","type":"post","link":"https:\/\/kulturwerk-stadt.ch\/index.php\/2025\/06\/29\/28-juni-zum-40-hochzeitstag\/","title":{"rendered":"28. Juni: Zum 40. Hochzeitstag"},"content":{"rendered":"<section class=\"l-section wpb_row height_medium\"><div class=\"l-section-h i-cf\"><div class=\"g-cols vc_row via_grid cols_1 laptops-cols_inherit tablets-cols_inherit mobiles-cols_1 valign_top type_default stacking_default\"><div class=\"wpb_column vc_column_container\"><div class=\"vc_column-inner\"><div class=\"wpb_text_column\"><div class=\"wpb_wrapper\"><p>Zum 40. Hochzeitstag lud das Ehepaar Dietrich einige Freunde zum einem \u00dcberraschungstag ein. Dazu geh\u00f6rte ein Besuch unserer KulturWerk-Stadt. Dass der Vater eines Gastes in den 40er-Jahren bei Dubied in Couvet gearbeitet hatte, war auch speziell f\u00fcr Silvia Meier, welche die Gruppe begr\u00fcsste und sie mit der Geschichte unserer Handwerke vertraut machte. In der Strickstube staunten die Besucher \u00fcber die Genialit\u00e4t der damaligen Konstrukteure der Handstrickmaschinen. Pia Roth und Marlene Weiss zeigten den sehr interessierten G\u00e4sten, wie eine solche Maschine funktioniert und so die bewunderten Stricksachen hergestellt werden k\u00f6nnen. In der Nagelschmiede war es bei Nagler Heinz Weiss noch ein paar Grad heisser als in der Strickstube. Trotzdem h\u00f6rten und sahen die Besucherinnen und Besucher ausdauernd zu, wie die N\u00e4gel fr\u00fcher geschmiedet wurden. Viele Fragen konnten gekl\u00e4rt und einiges diskutiert werden.<\/p>\n<p>Anschliessend ging es f\u00fcr die Gruppe weiter zu einem feinen Essen an einem ihnen noch unbekannten Ort.<\/p>\n<p>Besten Dank f\u00fcr euren Besuch.<\/p>\n<\/div><\/div><\/div><\/div><\/div><\/div><\/section><section class=\"l-section wpb_row height_medium\"><div class=\"l-section-h i-cf\"><div class=\"g-cols vc_row via_grid cols_1 laptops-cols_inherit tablets-cols_inherit mobiles-cols_1 valign_top type_default stacking_default\"><div class=\"wpb_column vc_column_container\"><div class=\"vc_column-inner\"><div class=\"w-slider style_none fit_scaledown nav_none count_7\"><div class=\"w-slider-h\" aria-hidden=\"true\"><div class=\"royalSlider\"><div class=\"rsContent\"><a class=\"rsImg\" data-rsw=\"768\" data-rsh=\"1024\" href=\"https:\/\/kulturwerk-stadt.ch\/wp-content\/uploads\/2025\/06\/IMG-20250629-WA0003-768x1024.jpg\"><span data-alt=\"\"><\/span><\/a><\/div><div class=\"rsContent\"><a class=\"rsImg\" data-rsw=\"1024\" data-rsh=\"768\" href=\"https:\/\/kulturwerk-stadt.ch\/wp-content\/uploads\/2025\/06\/IMG-20250629-WA0002-1024x768.jpg\"><span data-alt=\"\"><\/span><\/a><\/div><div class=\"rsContent\"><a class=\"rsImg\" data-rsw=\"1024\" data-rsh=\"768\" href=\"https:\/\/kulturwerk-stadt.ch\/wp-content\/uploads\/2025\/06\/IMG-20250629-WA0005-1024x768.jpg\"><span data-alt=\"\"><\/span><\/a><\/div><div class=\"rsContent\"><a class=\"rsImg\" data-rsw=\"1024\" data-rsh=\"768\" href=\"https:\/\/kulturwerk-stadt.ch\/wp-content\/uploads\/2025\/06\/IMG-20250629-WA0001-1024x768.jpg\"><span data-alt=\"\"><\/span><\/a><\/div><div class=\"rsContent\"><a class=\"rsImg\" data-rsw=\"1024\" data-rsh=\"768\" href=\"https:\/\/kulturwerk-stadt.ch\/wp-content\/uploads\/2025\/06\/IMG-20250629-WA0004-1024x768.jpg\"><span data-alt=\"\"><\/span><\/a><\/div><div class=\"rsContent\"><a class=\"rsImg\" data-rsw=\"1024\" data-rsh=\"768\" href=\"https:\/\/kulturwerk-stadt.ch\/wp-content\/uploads\/2025\/06\/IMG-20250629-WA0000-1024x768.jpg\"><span data-alt=\"\"><\/span><\/a><\/div><div class=\"rsContent\"><a class=\"rsImg\" data-rsw=\"1024\" data-rsh=\"768\" href=\"https:\/\/kulturwerk-stadt.ch\/wp-content\/uploads\/2025\/06\/IMG-20250629-WA0006-1024x768.jpg\"><span data-alt=\"\"><\/span><\/a><\/div><\/div><img decoding=\"async\" src=\"https:\/\/kulturwerk-stadt.ch\/wp-content\/uploads\/2025\/06\/IMG-20250629-WA0003-768x1024.jpg\" width=\"768\" height=\"1024\" alt loading=\"lazy\"><\/div><div class=\"w-slider-json\" onclick='return {&quot;autoScaleSlider&quot;:true,&quot;addActiveClass&quot;:true,&quot;loop&quot;:true,&quot;fadeInLoadedSlide&quot;:false,&quot;slidesSpacing&quot;:0,&quot;imageScalePadding&quot;:0,&quot;numImagesToPreload&quot;:2,&quot;arrowsNav&quot;:true,&quot;arrowsNavAutoHide&quot;:false,&quot;transitionType&quot;:&quot;move&quot;,&quot;transitionSpeed&quot;:250,&quot;block&quot;:{&quot;moveEffect&quot;:&quot;none&quot;,&quot;speed&quot;:300},&quot;thumbs&quot;:{&quot;fitInViewport&quot;:false,&quot;firstMargin&quot;:false,&quot;spacing&quot;:4},&quot;controlNavigation&quot;:&quot;none&quot;,&quot;autoScaleSliderWidth&quot;:768,&quot;autoScaleSliderHeight&quot;:1024}'><\/div><\/div><\/div><\/div><\/div><\/div><\/section>\n","protected":false},"excerpt":{"rendered":"Zum 40. Hochzeitstag lud das Ehepaar Dietrich einige Freunde zum einem \u00dcberraschungstag ein. Dazu geh\u00f6rte ein Besuch unserer KulturWerk-Stadt. Dass der Vater eines Gastes in den 40er-Jahren bei Dubied in...","protected":false},"author":4,"featured_media":797,"comment_status":"closed","ping_status":"closed","sticky":false,"template":"","format":"standard","meta":{"footnotes":""},"categories":[1],"tags":[],"class_list":["post-793","post","type-post","status-publish","format-standard","has-post-thumbnail","hentry","category-uncategorized"],"yoast_head":"<!-- This site is optimized with the Yoast SEO plugin v27.5 - https:\/\/yoast.com\/product\/yoast-seo-wordpress\/ -->\n<title>28. Juni: Zum 40. Hochzeitstag - Kulturwerkstadt Sulz<\/title>\n<meta name=\"robots\" content=\"noindex, follow, max-snippet:-1, max-image-preview:large, max-video-preview:-1\" \/>\n<meta property=\"og:locale\" content=\"de_DE\" \/>\n<meta property=\"og:type\" content=\"article\" \/>\n<meta property=\"og:title\" content=\"28. Juni: Zum 40. Hochzeitstag - Kulturwerkstadt Sulz\" \/>\n<meta property=\"og:url\" content=\"https:\/\/kulturwerk-stadt.ch\/index.php\/2025\/06\/29\/28-juni-zum-40-hochzeitstag\/\" \/>\n<meta property=\"og:site_name\" content=\"Kulturwerkstadt Sulz\" \/>\n<meta property=\"article:published_time\" content=\"2025-06-29T11:32:12+00:00\" \/>\n<meta property=\"og:image\" content=\"https:\/\/kulturwerk-stadt.ch\/wp-content\/uploads\/2025\/06\/IMG-20250629-WA0006.jpg\" \/>\n\t<meta property=\"og:image:width\" content=\"2000\" \/>\n\t<meta property=\"og:image:height\" content=\"1500\" \/>\n\t<meta property=\"og:image:type\" content=\"image\/jpeg\" \/>\n<meta name=\"author\" content=\"Silvia Meier\" \/>\n<meta name=\"twitter:card\" content=\"summary_large_image\" \/>\n<meta name=\"twitter:label1\" content=\"Verfasst von\" \/>\n\t<meta name=\"twitter:data1\" content=\"Silvia Meier\" \/>\n\t<meta name=\"twitter:label2\" content=\"Gesch\u00e4tzte Lesezeit\" \/>\n\t<meta name=\"twitter:data2\" content=\"2\u00a0Minuten\" \/>\n<script type=\"application\/ld+json\" class=\"yoast-schema-graph\">{\"@context\":\"https:\\\/\\\/schema.org\",\"@graph\":[{\"@type\":\"Article\",\"@id\":\"https:\\\/\\\/kulturwerk-stadt.ch\\\/index.php\\\/2025\\\/06\\\/29\\\/28-juni-zum-40-hochzeitstag\\\/#article\",\"isPartOf\":{\"@id\":\"https:\\\/\\\/kulturwerk-stadt.ch\\\/index.php\\\/2025\\\/06\\\/29\\\/28-juni-zum-40-hochzeitstag\\\/\"},\"author\":{\"name\":\"Silvia Meier\",\"@id\":\"https:\\\/\\\/kulturwerk-stadt.ch\\\/#\\\/schema\\\/person\\\/87dc051bb12bff60e4f6063e6bb63fcb\"},\"headline\":\"28. Juni: Zum 40. Hochzeitstag\",\"datePublished\":\"2025-06-29T11:32:12+00:00\",\"mainEntityOfPage\":{\"@id\":\"https:\\\/\\\/kulturwerk-stadt.ch\\\/index.php\\\/2025\\\/06\\\/29\\\/28-juni-zum-40-hochzeitstag\\\/\"},\"wordCount\":194,\"image\":{\"@id\":\"https:\\\/\\\/kulturwerk-stadt.ch\\\/index.php\\\/2025\\\/06\\\/29\\\/28-juni-zum-40-hochzeitstag\\\/#primaryimage\"},\"thumbnailUrl\":\"https:\\\/\\\/kulturwerk-stadt.ch\\\/wp-content\\\/uploads\\\/2025\\\/06\\\/IMG-20250629-WA0006.jpg\",\"articleSection\":[\"Uncategorized\"],\"inLanguage\":\"de\"},{\"@type\":\"WebPage\",\"@id\":\"https:\\\/\\\/kulturwerk-stadt.ch\\\/index.php\\\/2025\\\/06\\\/29\\\/28-juni-zum-40-hochzeitstag\\\/\",\"url\":\"https:\\\/\\\/kulturwerk-stadt.ch\\\/index.php\\\/2025\\\/06\\\/29\\\/28-juni-zum-40-hochzeitstag\\\/\",\"name\":\"28. Juni: Zum 40. Hochzeitstag - Kulturwerkstadt Sulz\",\"isPartOf\":{\"@id\":\"https:\\\/\\\/kulturwerk-stadt.ch\\\/#website\"},\"primaryImageOfPage\":{\"@id\":\"https:\\\/\\\/kulturwerk-stadt.ch\\\/index.php\\\/2025\\\/06\\\/29\\\/28-juni-zum-40-hochzeitstag\\\/#primaryimage\"},\"image\":{\"@id\":\"https:\\\/\\\/kulturwerk-stadt.ch\\\/index.php\\\/2025\\\/06\\\/29\\\/28-juni-zum-40-hochzeitstag\\\/#primaryimage\"},\"thumbnailUrl\":\"https:\\\/\\\/kulturwerk-stadt.ch\\\/wp-content\\\/uploads\\\/2025\\\/06\\\/IMG-20250629-WA0006.jpg\",\"datePublished\":\"2025-06-29T11:32:12+00:00\",\"author\":{\"@id\":\"https:\\\/\\\/kulturwerk-stadt.ch\\\/#\\\/schema\\\/person\\\/87dc051bb12bff60e4f6063e6bb63fcb\"},\"breadcrumb\":{\"@id\":\"https:\\\/\\\/kulturwerk-stadt.ch\\\/index.php\\\/2025\\\/06\\\/29\\\/28-juni-zum-40-hochzeitstag\\\/#breadcrumb\"},\"inLanguage\":\"de\",\"potentialAction\":[{\"@type\":\"ReadAction\",\"target\":[\"https:\\\/\\\/kulturwerk-stadt.ch\\\/index.php\\\/2025\\\/06\\\/29\\\/28-juni-zum-40-hochzeitstag\\\/\"]}]},{\"@type\":\"ImageObject\",\"inLanguage\":\"de\",\"@id\":\"https:\\\/\\\/kulturwerk-stadt.ch\\\/index.php\\\/2025\\\/06\\\/29\\\/28-juni-zum-40-hochzeitstag\\\/#primaryimage\",\"url\":\"https:\\\/\\\/kulturwerk-stadt.ch\\\/wp-content\\\/uploads\\\/2025\\\/06\\\/IMG-20250629-WA0006.jpg\",\"contentUrl\":\"https:\\\/\\\/kulturwerk-stadt.ch\\\/wp-content\\\/uploads\\\/2025\\\/06\\\/IMG-20250629-WA0006.jpg\",\"width\":2000,\"height\":1500},{\"@type\":\"BreadcrumbList\",\"@id\":\"https:\\\/\\\/kulturwerk-stadt.ch\\\/index.php\\\/2025\\\/06\\\/29\\\/28-juni-zum-40-hochzeitstag\\\/#breadcrumb\",\"itemListElement\":[{\"@type\":\"ListItem\",\"position\":1,\"name\":\"Startseite\",\"item\":\"https:\\\/\\\/kulturwerk-stadt.ch\\\/\"},{\"@type\":\"ListItem\",\"position\":2,\"name\":\"28. Juni: Zum 40. Hochzeitstag\"}]},{\"@type\":\"WebSite\",\"@id\":\"https:\\\/\\\/kulturwerk-stadt.ch\\\/#website\",\"url\":\"https:\\\/\\\/kulturwerk-stadt.ch\\\/\",\"name\":\"Kulturwerkstadt Sulz\",\"description\":\"\",\"potentialAction\":[{\"@type\":\"SearchAction\",\"target\":{\"@type\":\"EntryPoint\",\"urlTemplate\":\"https:\\\/\\\/kulturwerk-stadt.ch\\\/?s={search_term_string}\"},\"query-input\":{\"@type\":\"PropertyValueSpecification\",\"valueRequired\":true,\"valueName\":\"search_term_string\"}}],\"inLanguage\":\"de\"},{\"@type\":\"Person\",\"@id\":\"https:\\\/\\\/kulturwerk-stadt.ch\\\/#\\\/schema\\\/person\\\/87dc051bb12bff60e4f6063e6bb63fcb\",\"name\":\"Silvia Meier\",\"url\":\"https:\\\/\\\/kulturwerk-stadt.ch\\\/index.php\\\/author\\\/silvia-meier\\\/\"}]}<\/script>\n<!-- \/ Yoast SEO plugin. -->","yoast_head_json":{"title":"28. Juni: Zum 40. Hochzeitstag - Kulturwerkstadt Sulz","robots":{"index":"noindex","follow":"follow","max-snippet":"max-snippet:-1","max-image-preview":"max-image-preview:large","max-video-preview":"max-video-preview:-1"},"og_locale":"de_DE","og_type":"article","og_title":"28. Juni: Zum 40. Hochzeitstag - Kulturwerkstadt Sulz","og_url":"https:\/\/kulturwerk-stadt.ch\/index.php\/2025\/06\/29\/28-juni-zum-40-hochzeitstag\/","og_site_name":"Kulturwerkstadt Sulz","article_published_time":"2025-06-29T11:32:12+00:00","og_image":[{"width":2000,"height":1500,"url":"https:\/\/kulturwerk-stadt.ch\/wp-content\/uploads\/2025\/06\/IMG-20250629-WA0006.jpg","type":"image\/jpeg"}],"author":"Silvia Meier","twitter_card":"summary_large_image","twitter_misc":{"Verfasst von":"Silvia Meier","Gesch\u00e4tzte Lesezeit":"2\u00a0Minuten"},"schema":{"@context":"https:\/\/schema.org","@graph":[{"@type":"Article","@id":"https:\/\/kulturwerk-stadt.ch\/index.php\/2025\/06\/29\/28-juni-zum-40-hochzeitstag\/#article","isPartOf":{"@id":"https:\/\/kulturwerk-stadt.ch\/index.php\/2025\/06\/29\/28-juni-zum-40-hochzeitstag\/"},"author":{"name":"Silvia Meier","@id":"https:\/\/kulturwerk-stadt.ch\/#\/schema\/person\/87dc051bb12bff60e4f6063e6bb63fcb"},"headline":"28. Juni: Zum 40. Hochzeitstag","datePublished":"2025-06-29T11:32:12+00:00","mainEntityOfPage":{"@id":"https:\/\/kulturwerk-stadt.ch\/index.php\/2025\/06\/29\/28-juni-zum-40-hochzeitstag\/"},"wordCount":194,"image":{"@id":"https:\/\/kulturwerk-stadt.ch\/index.php\/2025\/06\/29\/28-juni-zum-40-hochzeitstag\/#primaryimage"},"thumbnailUrl":"https:\/\/kulturwerk-stadt.ch\/wp-content\/uploads\/2025\/06\/IMG-20250629-WA0006.jpg","articleSection":["Uncategorized"],"inLanguage":"de"},{"@type":"WebPage","@id":"https:\/\/kulturwerk-stadt.ch\/index.php\/2025\/06\/29\/28-juni-zum-40-hochzeitstag\/","url":"https:\/\/kulturwerk-stadt.ch\/index.php\/2025\/06\/29\/28-juni-zum-40-hochzeitstag\/","name":"28. Juni: Zum 40. Hochzeitstag - Kulturwerkstadt Sulz","isPartOf":{"@id":"https:\/\/kulturwerk-stadt.ch\/#website"},"primaryImageOfPage":{"@id":"https:\/\/kulturwerk-stadt.ch\/index.php\/2025\/06\/29\/28-juni-zum-40-hochzeitstag\/#primaryimage"},"image":{"@id":"https:\/\/kulturwerk-stadt.ch\/index.php\/2025\/06\/29\/28-juni-zum-40-hochzeitstag\/#primaryimage"},"thumbnailUrl":"https:\/\/kulturwerk-stadt.ch\/wp-content\/uploads\/2025\/06\/IMG-20250629-WA0006.jpg","datePublished":"2025-06-29T11:32:12+00:00","author":{"@id":"https:\/\/kulturwerk-stadt.ch\/#\/schema\/person\/87dc051bb12bff60e4f6063e6bb63fcb"},"breadcrumb":{"@id":"https:\/\/kulturwerk-stadt.ch\/index.php\/2025\/06\/29\/28-juni-zum-40-hochzeitstag\/#breadcrumb"},"inLanguage":"de","potentialAction":[{"@type":"ReadAction","target":["https:\/\/kulturwerk-stadt.ch\/index.php\/2025\/06\/29\/28-juni-zum-40-hochzeitstag\/"]}]},{"@type":"ImageObject","inLanguage":"de","@id":"https:\/\/kulturwerk-stadt.ch\/index.php\/2025\/06\/29\/28-juni-zum-40-hochzeitstag\/#primaryimage","url":"https:\/\/kulturwerk-stadt.ch\/wp-content\/uploads\/2025\/06\/IMG-20250629-WA0006.jpg","contentUrl":"https:\/\/kulturwerk-stadt.ch\/wp-content\/uploads\/2025\/06\/IMG-20250629-WA0006.jpg","width":2000,"height":1500},{"@type":"BreadcrumbList","@id":"https:\/\/kulturwerk-stadt.ch\/index.php\/2025\/06\/29\/28-juni-zum-40-hochzeitstag\/#breadcrumb","itemListElement":[{"@type":"ListItem","position":1,"name":"Startseite","item":"https:\/\/kulturwerk-stadt.ch\/"},{"@type":"ListItem","position":2,"name":"28. Juni: Zum 40. Hochzeitstag"}]},{"@type":"WebSite","@id":"https:\/\/kulturwerk-stadt.ch\/#website","url":"https:\/\/kulturwerk-stadt.ch\/","name":"Kulturwerkstadt Sulz","description":"","potentialAction":[{"@type":"SearchAction","target":{"@type":"EntryPoint","urlTemplate":"https:\/\/kulturwerk-stadt.ch\/?s={search_term_string}"},"query-input":{"@type":"PropertyValueSpecification","valueRequired":true,"valueName":"search_term_string"}}],"inLanguage":"de"},{"@type":"Person","@id":"https:\/\/kulturwerk-stadt.ch\/#\/schema\/person\/87dc051bb12bff60e4f6063e6bb63fcb","name":"Silvia Meier","url":"https:\/\/kulturwerk-stadt.ch\/index.php\/author\/silvia-meier\/"}]}},"_links":{"self":[{"href":"https:\/\/kulturwerk-stadt.ch\/index.php\/wp-json\/wp\/v2\/posts\/793","targetHints":{"allow":["GET"]}}],"collection":[{"href":"https:\/\/kulturwerk-stadt.ch\/index.php\/wp-json\/wp\/v2\/posts"}],"about":[{"href":"https:\/\/kulturwerk-stadt.ch\/index.php\/wp-json\/wp\/v2\/types\/post"}],"author":[{"embeddable":true,"href":"https:\/\/kulturwerk-stadt.ch\/index.php\/wp-json\/wp\/v2\/users\/4"}],"replies":[{"embeddable":true,"href":"https:\/\/kulturwerk-stadt.ch\/index.php\/wp-json\/wp\/v2\/comments?post=793"}],"version-history":[{"count":2,"href":"https:\/\/kulturwerk-stadt.ch\/index.php\/wp-json\/wp\/v2\/posts\/793\/revisions"}],"predecessor-version":[{"id":802,"href":"https:\/\/kulturwerk-stadt.ch\/index.php\/wp-json\/wp\/v2\/posts\/793\/revisions\/802"}],"wp:featuredmedia":[{"embeddable":true,"href":"https:\/\/kulturwerk-stadt.ch\/index.php\/wp-json\/wp\/v2\/media\/797"}],"wp:attachment":[{"href":"https:\/\/kulturwerk-stadt.ch\/index.php\/wp-json\/wp\/v2\/media?parent=793"}],"wp:term":[{"taxonomy":"category","embeddable":true,"href":"https:\/\/kulturwerk-stadt.ch\/index.php\/wp-json\/wp\/v2\/categories?post=793"},{"taxonomy":"post_tag","embeddable":true,"href":"https:\/\/kulturwerk-stadt.ch\/index.php\/wp-json\/wp\/v2\/tags?post=793"}],"curies":[{"name":"wp","href":"https:\/\/api.w.org\/{rel}","templated":true}]}}