{"id":717,"date":"2025-04-14T12:20:33","date_gmt":"2025-04-14T12:20:33","guid":{"rendered":"https:\/\/kulturwerk-stadt.ch\/?p=717"},"modified":"2025-04-15T11:36:06","modified_gmt":"2025-04-15T11:36:06","slug":"10-april-nagler-besuch-an-der-uni-basel","status":"publish","type":"post","link":"https:\/\/kulturwerk-stadt.ch\/index.php\/2025\/04\/14\/10-april-nagler-besuch-an-der-uni-basel\/","title":{"rendered":"10. April: Nagler-Besuch an der Uni Basel"},"content":{"rendered":"<section class=\"l-section wpb_row height_medium\"><div class=\"l-section-h i-cf\"><div class=\"g-cols vc_row via_grid cols_1 laptops-cols_inherit tablets-cols_inherit mobiles-cols_1 valign_top type_default stacking_default\"><div class=\"wpb_column vc_column_container\"><div class=\"vc_column-inner\"><div class=\"wpb_text_column\"><div class=\"wpb_wrapper\"><p>Herr Prof. Dr. Peter-Andrew Schwarz (Vindonissa-Professur an der Uni Basel) und Herr Hannes Fl\u00fcck, Arch\u00e4ologe, luden unsere Nagler zur Premiere der Filmvorf\u00fchrung zum Projekt CVMBAT (Teil 3) ein:<\/p>\n<p>\u00ab<strong>Der Alpenfeldzug des Augustus \u2013 Vorstoss Richtung Germanien<\/strong>\u00bb<\/p>\n<p>Zuerst zeigten uns Hannes Fl\u00fcck und Raphael Berger ihre Arbeitspl\u00e4tze, wo hunderte gefundene Gegenst\u00e4nde verpackt, angeschrieben, zum Sortieren bereit und noch zugeordnet werden m\u00fcssen.<\/p>\n<p>Hannes Fl\u00fcck ist als Arch\u00e4ologe zust\u00e4ndig f\u00fcr &#8222;Suchen, Finden, Nachahmen und Zuordnen&#8220; auf dem Schlachtfeld Crap Ses vor dem Septimerpass (GR). Auf diesem Schlachtfeld wurden nebst Schuhn\u00e4geln und Schleuderbleien viele andere Gegenst\u00e4nde, unter anderem auch Teile von Schwertern und ein eingeritzter Stein mit Namen und Zugeh\u00f6rigkeit eines Soldaten, gefunden. Dies f\u00fchrte zum Projekt, den Zug der r\u00f6mischen Soldaten \u00fcber den Septimerpass nachzustellen.<\/p>\n<p>F\u00fcr dieses Projekt konnten die Sulzer Nagler ihr K\u00f6nnen bei der Nachbildung der r\u00f6mischen Schuhn\u00e4gel unter Beweis stellen. Es war eine herausfordernde, aber sehr interessante Erfahrung.<\/p>\n<p>Ein \u00f6sterreichischer Schuhmacher stellte Original-Schuhe her, die dann mit unseren Schuhn\u00e4geln best\u00fcckt wurden. Und siehe da: Bei der Wanderung \u00fcber den Pass ging kein einziger Nagel verloren!<\/p>\n<p>Ein grossz\u00fcgiger Ap\u00e9ro rundete den interessanten und lehrreichen Abend ab.<\/p>\n<p>Ein \u00abHerzliches Dankesch\u00f6n\u00bb an Peter, Hannes und Raphael<\/p>\n<\/div><\/div><\/div><\/div><\/div><\/div><\/section><section class=\"l-section wpb_row height_medium\"><div class=\"l-section-h i-cf\"><div class=\"g-cols vc_row via_grid cols_1 laptops-cols_inherit tablets-cols_inherit mobiles-cols_1 valign_top type_default stacking_default\"><div class=\"wpb_column vc_column_container\"><div class=\"vc_column-inner\"><div class=\"w-slider style_none fit_scaledown nav_none count_9\"><div class=\"w-slider-h\" aria-hidden=\"true\"><div class=\"royalSlider\"><div class=\"rsContent\"><a class=\"rsImg\" data-rsw=\"1024\" data-rsh=\"768\" href=\"https:\/\/kulturwerk-stadt.ch\/wp-content\/uploads\/2025\/04\/1-1024x768.jpg\"><span data-alt=\"\"><\/span><\/a><div class=\"rsABlock\" data-fadeEffect=\"false\" data-moveEffect=\"none\"><div class=\"w-slider-item-title\">Arbeitsplatz<\/div><\/div><\/div><div class=\"rsContent\"><a class=\"rsImg\" data-rsw=\"1024\" data-rsh=\"768\" href=\"https:\/\/kulturwerk-stadt.ch\/wp-content\/uploads\/2025\/04\/2-1024x768.jpg\"><span data-alt=\"\"><\/span><\/a><div class=\"rsABlock\" data-fadeEffect=\"false\" data-moveEffect=\"none\"><div class=\"w-slider-item-title\">Fundst\u00fccke<\/div><\/div><\/div><div class=\"rsContent\"><a class=\"rsImg\" data-rsw=\"1024\" data-rsh=\"768\" href=\"https:\/\/kulturwerk-stadt.ch\/wp-content\/uploads\/2025\/04\/3-1024x768.jpg\"><span data-alt=\"\"><\/span><\/a><div class=\"rsABlock\" data-fadeEffect=\"false\" data-moveEffect=\"none\"><div class=\"w-slider-item-title\">Rollkopfnadel<\/div><\/div><\/div><div class=\"rsContent\"><a class=\"rsImg\" data-rsw=\"768\" data-rsh=\"1024\" href=\"https:\/\/kulturwerk-stadt.ch\/wp-content\/uploads\/2025\/04\/4-768x1024.jpg\"><span data-alt=\"\"><\/span><\/a><div class=\"rsABlock\" data-fadeEffect=\"false\" data-moveEffect=\"none\"><div class=\"w-slider-item-title\">Teil eines Schwertes<\/div><\/div><\/div><div class=\"rsContent\"><a class=\"rsImg\" data-rsw=\"1024\" data-rsh=\"768\" href=\"https:\/\/kulturwerk-stadt.ch\/wp-content\/uploads\/2025\/04\/5-1024x768.jpg\"><span data-alt=\"\"><\/span><\/a><div class=\"rsABlock\" data-fadeEffect=\"false\" data-moveEffect=\"none\"><div class=\"w-slider-item-title\">Fibel (heutige Sicherheitsnadel)<\/div><\/div><\/div><div class=\"rsContent\"><a class=\"rsImg\" data-rsw=\"1024\" data-rsh=\"768\" href=\"https:\/\/kulturwerk-stadt.ch\/wp-content\/uploads\/2025\/04\/7-1024x768.jpg\"><span data-alt=\"\"><\/span><\/a><div class=\"rsABlock\" data-fadeEffect=\"false\" data-moveEffect=\"none\"><div class=\"w-slider-item-title\">gefundener Schuhnagel<\/div><\/div><\/div><div class=\"rsContent\"><a class=\"rsImg\" data-rsw=\"1024\" data-rsh=\"768\" href=\"https:\/\/kulturwerk-stadt.ch\/wp-content\/uploads\/2025\/04\/8-1024x768.jpg\"><span data-alt=\"\"><\/span><\/a><div class=\"rsABlock\" data-fadeEffect=\"false\" data-moveEffect=\"none\"><div class=\"w-slider-item-title\">von unseren Naglern hergestellte R\u00f6mern\u00e4gel<\/div><\/div><\/div><div class=\"rsContent\"><a class=\"rsImg\" data-rsw=\"1024\" data-rsh=\"768\" href=\"https:\/\/kulturwerk-stadt.ch\/wp-content\/uploads\/2025\/04\/9-1024x768.jpg\"><span data-alt=\"\"><\/span><\/a><div class=\"rsABlock\" data-fadeEffect=\"false\" data-moveEffect=\"none\"><div class=\"w-slider-item-title\">Caligae (r\u00f6mische Marschschuhe) mit unseren Schuhn\u00e4geln<\/div><\/div><\/div><div class=\"rsContent\"><a class=\"rsImg\" data-rsw=\"1024\" data-rsh=\"768\" href=\"https:\/\/kulturwerk-stadt.ch\/wp-content\/uploads\/2025\/04\/6-1024x768.jpg\"><span data-alt=\"\"><\/span><\/a><div class=\"rsABlock\" data-fadeEffect=\"false\" data-moveEffect=\"none\"><div class=\"w-slider-item-title\">Ap\u00e9ro<\/div><\/div><\/div><\/div><img decoding=\"async\" src=\"https:\/\/kulturwerk-stadt.ch\/wp-content\/uploads\/2025\/04\/1-1024x768.jpg\" width=\"1024\" height=\"768\" alt loading=\"lazy\"><\/div><div class=\"w-slider-json\" onclick='return {&quot;autoScaleSlider&quot;:true,&quot;addActiveClass&quot;:true,&quot;loop&quot;:true,&quot;fadeInLoadedSlide&quot;:false,&quot;slidesSpacing&quot;:0,&quot;imageScalePadding&quot;:0,&quot;numImagesToPreload&quot;:2,&quot;arrowsNav&quot;:true,&quot;arrowsNavAutoHide&quot;:false,&quot;transitionType&quot;:&quot;move&quot;,&quot;transitionSpeed&quot;:250,&quot;block&quot;:{&quot;moveEffect&quot;:&quot;none&quot;,&quot;speed&quot;:300},&quot;thumbs&quot;:{&quot;fitInViewport&quot;:false,&quot;firstMargin&quot;:false,&quot;spacing&quot;:4},&quot;controlNavigation&quot;:&quot;none&quot;,&quot;autoScaleSliderWidth&quot;:1024,&quot;autoScaleSliderHeight&quot;:768}'><\/div><\/div><\/div><\/div><\/div><\/div><\/section>\n","protected":false},"excerpt":{"rendered":"Herr Prof. Dr. Peter-Andrew Schwarz (Vindonissa-Professur an der Uni Basel) und Herr Hannes Fl\u00fcck, Arch\u00e4ologe, luden unsere Nagler zur Premiere der Filmvorf\u00fchrung zum Projekt CVMBAT (Teil 3) ein: \u00abDer Alpenfeldzug...","protected":false},"author":4,"featured_media":716,"comment_status":"closed","ping_status":"closed","sticky":false,"template":"","format":"standard","meta":{"footnotes":""},"categories":[1],"tags":[],"class_list":["post-717","post","type-post","status-publish","format-standard","has-post-thumbnail","hentry","category-uncategorized"],"yoast_head":"<!-- This site is optimized with the Yoast SEO plugin v27.5 - https:\/\/yoast.com\/product\/yoast-seo-wordpress\/ -->\n<title>10. April: Nagler-Besuch an der Uni Basel - Kulturwerkstadt Sulz<\/title>\n<meta name=\"robots\" content=\"noindex, follow, max-snippet:-1, max-image-preview:large, max-video-preview:-1\" \/>\n<meta property=\"og:locale\" content=\"de_DE\" \/>\n<meta property=\"og:type\" content=\"article\" \/>\n<meta property=\"og:title\" content=\"10. April: Nagler-Besuch an der Uni Basel - Kulturwerkstadt Sulz\" \/>\n<meta property=\"og:url\" content=\"https:\/\/kulturwerk-stadt.ch\/index.php\/2025\/04\/14\/10-april-nagler-besuch-an-der-uni-basel\/\" \/>\n<meta property=\"og:site_name\" content=\"Kulturwerkstadt Sulz\" \/>\n<meta property=\"article:published_time\" content=\"2025-04-14T12:20:33+00:00\" \/>\n<meta property=\"article:modified_time\" content=\"2025-04-15T11:36:06+00:00\" \/>\n<meta property=\"og:image\" content=\"https:\/\/kulturwerk-stadt.ch\/wp-content\/uploads\/2025\/04\/9-scaled.jpg\" \/>\n\t<meta property=\"og:image:width\" content=\"2560\" \/>\n\t<meta property=\"og:image:height\" content=\"1920\" \/>\n\t<meta property=\"og:image:type\" content=\"image\/jpeg\" \/>\n<meta name=\"author\" content=\"Silvia Meier\" \/>\n<meta name=\"twitter:card\" content=\"summary_large_image\" \/>\n<meta name=\"twitter:label1\" content=\"Verfasst von\" \/>\n\t<meta name=\"twitter:data1\" content=\"Silvia Meier\" \/>\n\t<meta name=\"twitter:label2\" content=\"Gesch\u00e4tzte Lesezeit\" \/>\n\t<meta name=\"twitter:data2\" content=\"2\u00a0Minuten\" \/>\n<script type=\"application\/ld+json\" class=\"yoast-schema-graph\">{\"@context\":\"https:\\\/\\\/schema.org\",\"@graph\":[{\"@type\":\"Article\",\"@id\":\"https:\\\/\\\/kulturwerk-stadt.ch\\\/index.php\\\/2025\\\/04\\\/14\\\/10-april-nagler-besuch-an-der-uni-basel\\\/#article\",\"isPartOf\":{\"@id\":\"https:\\\/\\\/kulturwerk-stadt.ch\\\/index.php\\\/2025\\\/04\\\/14\\\/10-april-nagler-besuch-an-der-uni-basel\\\/\"},\"author\":{\"name\":\"Silvia Meier\",\"@id\":\"https:\\\/\\\/kulturwerk-stadt.ch\\\/#\\\/schema\\\/person\\\/87dc051bb12bff60e4f6063e6bb63fcb\"},\"headline\":\"10. April: Nagler-Besuch an der Uni Basel\",\"datePublished\":\"2025-04-14T12:20:33+00:00\",\"dateModified\":\"2025-04-15T11:36:06+00:00\",\"mainEntityOfPage\":{\"@id\":\"https:\\\/\\\/kulturwerk-stadt.ch\\\/index.php\\\/2025\\\/04\\\/14\\\/10-april-nagler-besuch-an-der-uni-basel\\\/\"},\"wordCount\":250,\"image\":{\"@id\":\"https:\\\/\\\/kulturwerk-stadt.ch\\\/index.php\\\/2025\\\/04\\\/14\\\/10-april-nagler-besuch-an-der-uni-basel\\\/#primaryimage\"},\"thumbnailUrl\":\"https:\\\/\\\/kulturwerk-stadt.ch\\\/wp-content\\\/uploads\\\/2025\\\/04\\\/9-scaled.jpg\",\"articleSection\":[\"Uncategorized\"],\"inLanguage\":\"de\"},{\"@type\":\"WebPage\",\"@id\":\"https:\\\/\\\/kulturwerk-stadt.ch\\\/index.php\\\/2025\\\/04\\\/14\\\/10-april-nagler-besuch-an-der-uni-basel\\\/\",\"url\":\"https:\\\/\\\/kulturwerk-stadt.ch\\\/index.php\\\/2025\\\/04\\\/14\\\/10-april-nagler-besuch-an-der-uni-basel\\\/\",\"name\":\"10. April: Nagler-Besuch an der Uni Basel - Kulturwerkstadt Sulz\",\"isPartOf\":{\"@id\":\"https:\\\/\\\/kulturwerk-stadt.ch\\\/#website\"},\"primaryImageOfPage\":{\"@id\":\"https:\\\/\\\/kulturwerk-stadt.ch\\\/index.php\\\/2025\\\/04\\\/14\\\/10-april-nagler-besuch-an-der-uni-basel\\\/#primaryimage\"},\"image\":{\"@id\":\"https:\\\/\\\/kulturwerk-stadt.ch\\\/index.php\\\/2025\\\/04\\\/14\\\/10-april-nagler-besuch-an-der-uni-basel\\\/#primaryimage\"},\"thumbnailUrl\":\"https:\\\/\\\/kulturwerk-stadt.ch\\\/wp-content\\\/uploads\\\/2025\\\/04\\\/9-scaled.jpg\",\"datePublished\":\"2025-04-14T12:20:33+00:00\",\"dateModified\":\"2025-04-15T11:36:06+00:00\",\"author\":{\"@id\":\"https:\\\/\\\/kulturwerk-stadt.ch\\\/#\\\/schema\\\/person\\\/87dc051bb12bff60e4f6063e6bb63fcb\"},\"breadcrumb\":{\"@id\":\"https:\\\/\\\/kulturwerk-stadt.ch\\\/index.php\\\/2025\\\/04\\\/14\\\/10-april-nagler-besuch-an-der-uni-basel\\\/#breadcrumb\"},\"inLanguage\":\"de\",\"potentialAction\":[{\"@type\":\"ReadAction\",\"target\":[\"https:\\\/\\\/kulturwerk-stadt.ch\\\/index.php\\\/2025\\\/04\\\/14\\\/10-april-nagler-besuch-an-der-uni-basel\\\/\"]}]},{\"@type\":\"ImageObject\",\"inLanguage\":\"de\",\"@id\":\"https:\\\/\\\/kulturwerk-stadt.ch\\\/index.php\\\/2025\\\/04\\\/14\\\/10-april-nagler-besuch-an-der-uni-basel\\\/#primaryimage\",\"url\":\"https:\\\/\\\/kulturwerk-stadt.ch\\\/wp-content\\\/uploads\\\/2025\\\/04\\\/9-scaled.jpg\",\"contentUrl\":\"https:\\\/\\\/kulturwerk-stadt.ch\\\/wp-content\\\/uploads\\\/2025\\\/04\\\/9-scaled.jpg\",\"width\":2560,\"height\":1920,\"caption\":\"Caligae (r\u00f6mische Marschschuhe) mit unseren Schuhn\u00e4geln\"},{\"@type\":\"BreadcrumbList\",\"@id\":\"https:\\\/\\\/kulturwerk-stadt.ch\\\/index.php\\\/2025\\\/04\\\/14\\\/10-april-nagler-besuch-an-der-uni-basel\\\/#breadcrumb\",\"itemListElement\":[{\"@type\":\"ListItem\",\"position\":1,\"name\":\"Startseite\",\"item\":\"https:\\\/\\\/kulturwerk-stadt.ch\\\/\"},{\"@type\":\"ListItem\",\"position\":2,\"name\":\"10. April: Nagler-Besuch an der Uni Basel\"}]},{\"@type\":\"WebSite\",\"@id\":\"https:\\\/\\\/kulturwerk-stadt.ch\\\/#website\",\"url\":\"https:\\\/\\\/kulturwerk-stadt.ch\\\/\",\"name\":\"Kulturwerkstadt Sulz\",\"description\":\"\",\"potentialAction\":[{\"@type\":\"SearchAction\",\"target\":{\"@type\":\"EntryPoint\",\"urlTemplate\":\"https:\\\/\\\/kulturwerk-stadt.ch\\\/?s={search_term_string}\"},\"query-input\":{\"@type\":\"PropertyValueSpecification\",\"valueRequired\":true,\"valueName\":\"search_term_string\"}}],\"inLanguage\":\"de\"},{\"@type\":\"Person\",\"@id\":\"https:\\\/\\\/kulturwerk-stadt.ch\\\/#\\\/schema\\\/person\\\/87dc051bb12bff60e4f6063e6bb63fcb\",\"name\":\"Silvia Meier\",\"url\":\"https:\\\/\\\/kulturwerk-stadt.ch\\\/index.php\\\/author\\\/silvia-meier\\\/\"}]}<\/script>\n<!-- \/ Yoast SEO plugin. -->","yoast_head_json":{"title":"10. April: Nagler-Besuch an der Uni Basel - Kulturwerkstadt Sulz","robots":{"index":"noindex","follow":"follow","max-snippet":"max-snippet:-1","max-image-preview":"max-image-preview:large","max-video-preview":"max-video-preview:-1"},"og_locale":"de_DE","og_type":"article","og_title":"10. April: Nagler-Besuch an der Uni Basel - Kulturwerkstadt Sulz","og_url":"https:\/\/kulturwerk-stadt.ch\/index.php\/2025\/04\/14\/10-april-nagler-besuch-an-der-uni-basel\/","og_site_name":"Kulturwerkstadt Sulz","article_published_time":"2025-04-14T12:20:33+00:00","article_modified_time":"2025-04-15T11:36:06+00:00","og_image":[{"width":2560,"height":1920,"url":"https:\/\/kulturwerk-stadt.ch\/wp-content\/uploads\/2025\/04\/9-scaled.jpg","type":"image\/jpeg"}],"author":"Silvia Meier","twitter_card":"summary_large_image","twitter_misc":{"Verfasst von":"Silvia Meier","Gesch\u00e4tzte Lesezeit":"2\u00a0Minuten"},"schema":{"@context":"https:\/\/schema.org","@graph":[{"@type":"Article","@id":"https:\/\/kulturwerk-stadt.ch\/index.php\/2025\/04\/14\/10-april-nagler-besuch-an-der-uni-basel\/#article","isPartOf":{"@id":"https:\/\/kulturwerk-stadt.ch\/index.php\/2025\/04\/14\/10-april-nagler-besuch-an-der-uni-basel\/"},"author":{"name":"Silvia Meier","@id":"https:\/\/kulturwerk-stadt.ch\/#\/schema\/person\/87dc051bb12bff60e4f6063e6bb63fcb"},"headline":"10. April: Nagler-Besuch an der Uni Basel","datePublished":"2025-04-14T12:20:33+00:00","dateModified":"2025-04-15T11:36:06+00:00","mainEntityOfPage":{"@id":"https:\/\/kulturwerk-stadt.ch\/index.php\/2025\/04\/14\/10-april-nagler-besuch-an-der-uni-basel\/"},"wordCount":250,"image":{"@id":"https:\/\/kulturwerk-stadt.ch\/index.php\/2025\/04\/14\/10-april-nagler-besuch-an-der-uni-basel\/#primaryimage"},"thumbnailUrl":"https:\/\/kulturwerk-stadt.ch\/wp-content\/uploads\/2025\/04\/9-scaled.jpg","articleSection":["Uncategorized"],"inLanguage":"de"},{"@type":"WebPage","@id":"https:\/\/kulturwerk-stadt.ch\/index.php\/2025\/04\/14\/10-april-nagler-besuch-an-der-uni-basel\/","url":"https:\/\/kulturwerk-stadt.ch\/index.php\/2025\/04\/14\/10-april-nagler-besuch-an-der-uni-basel\/","name":"10. April: Nagler-Besuch an der Uni Basel - Kulturwerkstadt Sulz","isPartOf":{"@id":"https:\/\/kulturwerk-stadt.ch\/#website"},"primaryImageOfPage":{"@id":"https:\/\/kulturwerk-stadt.ch\/index.php\/2025\/04\/14\/10-april-nagler-besuch-an-der-uni-basel\/#primaryimage"},"image":{"@id":"https:\/\/kulturwerk-stadt.ch\/index.php\/2025\/04\/14\/10-april-nagler-besuch-an-der-uni-basel\/#primaryimage"},"thumbnailUrl":"https:\/\/kulturwerk-stadt.ch\/wp-content\/uploads\/2025\/04\/9-scaled.jpg","datePublished":"2025-04-14T12:20:33+00:00","dateModified":"2025-04-15T11:36:06+00:00","author":{"@id":"https:\/\/kulturwerk-stadt.ch\/#\/schema\/person\/87dc051bb12bff60e4f6063e6bb63fcb"},"breadcrumb":{"@id":"https:\/\/kulturwerk-stadt.ch\/index.php\/2025\/04\/14\/10-april-nagler-besuch-an-der-uni-basel\/#breadcrumb"},"inLanguage":"de","potentialAction":[{"@type":"ReadAction","target":["https:\/\/kulturwerk-stadt.ch\/index.php\/2025\/04\/14\/10-april-nagler-besuch-an-der-uni-basel\/"]}]},{"@type":"ImageObject","inLanguage":"de","@id":"https:\/\/kulturwerk-stadt.ch\/index.php\/2025\/04\/14\/10-april-nagler-besuch-an-der-uni-basel\/#primaryimage","url":"https:\/\/kulturwerk-stadt.ch\/wp-content\/uploads\/2025\/04\/9-scaled.jpg","contentUrl":"https:\/\/kulturwerk-stadt.ch\/wp-content\/uploads\/2025\/04\/9-scaled.jpg","width":2560,"height":1920,"caption":"Caligae (r\u00f6mische Marschschuhe) mit unseren Schuhn\u00e4geln"},{"@type":"BreadcrumbList","@id":"https:\/\/kulturwerk-stadt.ch\/index.php\/2025\/04\/14\/10-april-nagler-besuch-an-der-uni-basel\/#breadcrumb","itemListElement":[{"@type":"ListItem","position":1,"name":"Startseite","item":"https:\/\/kulturwerk-stadt.ch\/"},{"@type":"ListItem","position":2,"name":"10. April: Nagler-Besuch an der Uni Basel"}]},{"@type":"WebSite","@id":"https:\/\/kulturwerk-stadt.ch\/#website","url":"https:\/\/kulturwerk-stadt.ch\/","name":"Kulturwerkstadt Sulz","description":"","potentialAction":[{"@type":"SearchAction","target":{"@type":"EntryPoint","urlTemplate":"https:\/\/kulturwerk-stadt.ch\/?s={search_term_string}"},"query-input":{"@type":"PropertyValueSpecification","valueRequired":true,"valueName":"search_term_string"}}],"inLanguage":"de"},{"@type":"Person","@id":"https:\/\/kulturwerk-stadt.ch\/#\/schema\/person\/87dc051bb12bff60e4f6063e6bb63fcb","name":"Silvia Meier","url":"https:\/\/kulturwerk-stadt.ch\/index.php\/author\/silvia-meier\/"}]}},"_links":{"self":[{"href":"https:\/\/kulturwerk-stadt.ch\/index.php\/wp-json\/wp\/v2\/posts\/717","targetHints":{"allow":["GET"]}}],"collection":[{"href":"https:\/\/kulturwerk-stadt.ch\/index.php\/wp-json\/wp\/v2\/posts"}],"about":[{"href":"https:\/\/kulturwerk-stadt.ch\/index.php\/wp-json\/wp\/v2\/types\/post"}],"author":[{"embeddable":true,"href":"https:\/\/kulturwerk-stadt.ch\/index.php\/wp-json\/wp\/v2\/users\/4"}],"replies":[{"embeddable":true,"href":"https:\/\/kulturwerk-stadt.ch\/index.php\/wp-json\/wp\/v2\/comments?post=717"}],"version-history":[{"count":3,"href":"https:\/\/kulturwerk-stadt.ch\/index.php\/wp-json\/wp\/v2\/posts\/717\/revisions"}],"predecessor-version":[{"id":720,"href":"https:\/\/kulturwerk-stadt.ch\/index.php\/wp-json\/wp\/v2\/posts\/717\/revisions\/720"}],"wp:featuredmedia":[{"embeddable":true,"href":"https:\/\/kulturwerk-stadt.ch\/index.php\/wp-json\/wp\/v2\/media\/716"}],"wp:attachment":[{"href":"https:\/\/kulturwerk-stadt.ch\/index.php\/wp-json\/wp\/v2\/media?parent=717"}],"wp:term":[{"taxonomy":"category","embeddable":true,"href":"https:\/\/kulturwerk-stadt.ch\/index.php\/wp-json\/wp\/v2\/categories?post=717"},{"taxonomy":"post_tag","embeddable":true,"href":"https:\/\/kulturwerk-stadt.ch\/index.php\/wp-json\/wp\/v2\/tags?post=717"}],"curies":[{"name":"wp","href":"https:\/\/api.w.org\/{rel}","templated":true}]}}